{"id":839,"date":"2021-08-09T23:00:29","date_gmt":"2021-08-09T23:00:29","guid":{"rendered":"https:\/\/www.costaricasurfandsup.com\/sitio\/?p=839"},"modified":"2021-11-03T04:15:18","modified_gmt":"2021-11-03T04:15:18","slug":"el-mundo-ya-no-es-tan-grande-y-eso-es-algo-bueno","status":"publish","type":"post","link":"https:\/\/www.costaricasurfandsup.com\/sitio\/es\/el-mundo-ya-no-es-tan-grande-y-eso-es-algo-bueno\/","title":{"rendered":"El mundo ya no es tan grande y eso es algo bueno"},"content":{"rendered":"<div class=\"noticias\">\n<h1>De Francia con amor<\/h1>\n<p>Nac\u00ed para ser un viajera y nunca me sent\u00ed muy c\u00f3moda estando en el mismo lugar. Viaj\u00e9 a muchos lugares del mundo, siempre buscando nuevos paisajes y experiencias. Pero algo sucedi\u00f3 el d\u00eda que puse un pie en Santa Teresa, de repente me senti en casa.<\/p>\n<p><!--more--><\/p>\n<p>&nbsp;<\/p>\n<p> Aqu\u00ed nunca espere ver gente de mi pa\u00eds, mi amada Francia, pero por dicha y para mi sorpresa, me equivoqu\u00e9.<br \/>\nEs curioso cuando piensas que quiz\u00e1s nunca hubiera conocido a estos compatriotas si me quedara en Francia, pero aqu\u00ed est\u00e1n en Costa Rica y me alegro mucho cuando recibo visitas.<br \/>\nEs curioso cuando piensas que quiz\u00e1s nunca hubiera conocido a estos compatriotas si me hubiera quedado en Francia, pero aqu\u00ed est\u00e1n en Costa Rica y me alegro mucho cuando recibo visitas. <\/p>\n<p>&nbsp;<\/p>\n<p> Un caso especial son las visitas que recib\u00ed hace un mes, la encantadora familia Leroux Lefranc, vinieron desde Nouvelle-Aquitaine, buscando lecciones de surf aqu\u00ed en Santa Teresa. Al instante reservaron clases de surf para todos los miembros de la familia.<\/p>\n<p>&nbsp;<\/p>\n<p> Como alma solitaria, realmente aprecio lo que me hicieron sentir ese d\u00eda, ser parte de una gran familia. Todo ese amor que flu\u00eda entre la familia realmente estaba calentando mi coraz\u00f3n. Como instructora de surf, siempre trato de conectarme con mis alumnos, pero esta vez fue diferente, la experiencia de ense\u00f1ar a toda una familia fue algo maravilloso para m\u00ed. <\/p>\n<p>&nbsp;<\/p>\n<figure id=\"attachment_589\" aria-describedby=\"caption-attachment-589\" style=\"width: 900px\" class=\"wp-caption aligncenter\"><a href=\"https:\/\/www.costaricasurfandsup.com\/sitio\/wp-content\/uploads\/2020\/04\/familyfrench-1.jpg\"><img loading=\"lazy\" decoding=\"async\" src=\"https:\/\/www.costaricasurfandsup.com\/sitio\/wp-content\/uploads\/2020\/04\/familyfrench-1.jpg\" alt=\"\" width=\"900\" height=\"554\" class=\"size-full wp-image-589\" srcset=\"https:\/\/www.costaricasurfandsup.com\/sitio\/wp-content\/uploads\/2020\/04\/familyfrench-1.jpg 900w, https:\/\/www.costaricasurfandsup.com\/sitio\/wp-content\/uploads\/2020\/04\/familyfrench-1-300x185.jpg 300w, https:\/\/www.costaricasurfandsup.com\/sitio\/wp-content\/uploads\/2020\/04\/familyfrench-1-768x473.jpg 768w\" sizes=\"(max-width: 900px) 100vw, 900px\" \/><\/a><figcaption id=\"caption-attachment-589\" class=\"wp-caption-text\">Gracias a Francois, Catherine, Louise, Alexandre y Adelle, nos vemos el a\u00f1o que viene, no puedo esperar !! <br \/><\/figcaption><\/figure>\n<p>&nbsp;<\/p>\n<\/div>\n","protected":false},"excerpt":{"rendered":"<p>De Francia con amor Nac\u00ed para ser un viajera y nunca me sent\u00ed muy c\u00f3moda estando en el mismo lugar. Viaj\u00e9 a muchos lugares del mundo, siempre buscando nuevos paisajes y experiencias. Pero algo sucedi\u00f3 el d\u00eda que puse un pie en Santa Teresa, de repente me senti en casa.<\/p>\n","protected":false},"author":1,"featured_media":589,"comment_status":"closed","ping_status":"open","sticky":false,"template":"","format":"standard","meta":{"footnotes":""},"categories":[10],"tags":[],"class_list":["post-839","post","type-post","status-publish","format-standard","has-post-thumbnail","hentry","category-uncategorized-es"],"yoast_head":"<!-- This site is optimized with the Yoast SEO plugin v25.3.1 - https:\/\/yoast.com\/wordpress\/plugins\/seo\/ -->\n<title>El mundo ya no es tan grande y eso es algo bueno - Costa Rica Surf and Up<\/title>\n<meta name=\"robots\" content=\"index, follow, max-snippet:-1, max-image-preview:large, max-video-preview:-1\" \/>\n<link rel=\"canonical\" href=\"https:\/\/www.costaricasurfandsup.com\/sitio\/es\/el-mundo-ya-no-es-tan-grande-y-eso-es-algo-bueno\/\" \/>\n<script type=\"application\/ld+json\" class=\"yoast-schema-graph\">{\"@context\":\"https:\/\/schema.org\",\"@graph\":[{\"@type\":\"WebPage\",\"@id\":\"https:\/\/www.costaricasurfandsup.com\/sitio\/es\/el-mundo-ya-no-es-tan-grande-y-eso-es-algo-bueno\/\",\"url\":\"https:\/\/www.costaricasurfandsup.com\/sitio\/es\/el-mundo-ya-no-es-tan-grande-y-eso-es-algo-bueno\/\",\"name\":\"El mundo ya no es tan grande y eso es algo bueno - Costa Rica Surf and Up\",\"isPartOf\":{\"@id\":\"https:\/\/www.costaricasurfandsup.com\/sitio\/#website\"},\"primaryImageOfPage\":{\"@id\":\"https:\/\/www.costaricasurfandsup.com\/sitio\/es\/el-mundo-ya-no-es-tan-grande-y-eso-es-algo-bueno\/#primaryimage\"},\"image\":{\"@id\":\"https:\/\/www.costaricasurfandsup.com\/sitio\/es\/el-mundo-ya-no-es-tan-grande-y-eso-es-algo-bueno\/#primaryimage\"},\"thumbnailUrl\":\"https:\/\/www.costaricasurfandsup.com\/sitio\/wp-content\/uploads\/2020\/04\/familyfrench-1.jpg\",\"datePublished\":\"2021-08-09T23:00:29+00:00\",\"dateModified\":\"2021-11-03T04:15:18+00:00\",\"author\":{\"@id\":\"https:\/\/www.costaricasurfandsup.com\/sitio\/#\/schema\/person\/91e3022f7ec175cf64e28f9c76a09a32\"},\"breadcrumb\":{\"@id\":\"https:\/\/www.costaricasurfandsup.com\/sitio\/es\/el-mundo-ya-no-es-tan-grande-y-eso-es-algo-bueno\/#breadcrumb\"},\"inLanguage\":\"en-US\",\"potentialAction\":[{\"@type\":\"ReadAction\",\"target\":[\"https:\/\/www.costaricasurfandsup.com\/sitio\/es\/el-mundo-ya-no-es-tan-grande-y-eso-es-algo-bueno\/\"]}]},{\"@type\":\"ImageObject\",\"inLanguage\":\"en-US\",\"@id\":\"https:\/\/www.costaricasurfandsup.com\/sitio\/es\/el-mundo-ya-no-es-tan-grande-y-eso-es-algo-bueno\/#primaryimage\",\"url\":\"https:\/\/www.costaricasurfandsup.com\/sitio\/wp-content\/uploads\/2020\/04\/familyfrench-1.jpg\",\"contentUrl\":\"https:\/\/www.costaricasurfandsup.com\/sitio\/wp-content\/uploads\/2020\/04\/familyfrench-1.jpg\",\"width\":900,\"height\":554,\"caption\":\"Thanks to Francois, Catherine, Louise, Alexandre, and Adelle, I'll see you next year, can not wait!!\"},{\"@type\":\"BreadcrumbList\",\"@id\":\"https:\/\/www.costaricasurfandsup.com\/sitio\/es\/el-mundo-ya-no-es-tan-grande-y-eso-es-algo-bueno\/#breadcrumb\",\"itemListElement\":[{\"@type\":\"ListItem\",\"position\":1,\"name\":\"Home\",\"item\":\"https:\/\/www.costaricasurfandsup.com\/sitio\/en\/surf-lessons\/\"},{\"@type\":\"ListItem\",\"position\":2,\"name\":\"El mundo ya no es tan grande y eso es algo bueno\"}]},{\"@type\":\"WebSite\",\"@id\":\"https:\/\/www.costaricasurfandsup.com\/sitio\/#website\",\"url\":\"https:\/\/www.costaricasurfandsup.com\/sitio\/\",\"name\":\"Costa Rica Surf and Up\",\"description\":\"Surf and Sup in Santa Teresa in Costa Rica\",\"potentialAction\":[{\"@type\":\"SearchAction\",\"target\":{\"@type\":\"EntryPoint\",\"urlTemplate\":\"https:\/\/www.costaricasurfandsup.com\/sitio\/?s={search_term_string}\"},\"query-input\":{\"@type\":\"PropertyValueSpecification\",\"valueRequired\":true,\"valueName\":\"search_term_string\"}}],\"inLanguage\":\"en-US\"},{\"@type\":\"Person\",\"@id\":\"https:\/\/www.costaricasurfandsup.com\/sitio\/#\/schema\/person\/91e3022f7ec175cf64e28f9c76a09a32\",\"name\":\"manager\",\"image\":{\"@type\":\"ImageObject\",\"inLanguage\":\"en-US\",\"@id\":\"https:\/\/www.costaricasurfandsup.com\/sitio\/#\/schema\/person\/image\/\",\"url\":\"https:\/\/secure.gravatar.com\/avatar\/71715879eec448e11b319bd0dc0df0ad?s=96&d=mm&r=g\",\"contentUrl\":\"https:\/\/secure.gravatar.com\/avatar\/71715879eec448e11b319bd0dc0df0ad?s=96&d=mm&r=g\",\"caption\":\"manager\"},\"url\":\"https:\/\/www.costaricasurfandsup.com\/sitio\/author\/manager\/\"}]}<\/script>\n<!-- \/ Yoast SEO plugin. -->","yoast_head_json":{"title":"El mundo ya no es tan grande y eso es algo bueno - Costa Rica Surf and Up","robots":{"index":"index","follow":"follow","max-snippet":"max-snippet:-1","max-image-preview":"max-image-preview:large","max-video-preview":"max-video-preview:-1"},"canonical":"https:\/\/www.costaricasurfandsup.com\/sitio\/es\/el-mundo-ya-no-es-tan-grande-y-eso-es-algo-bueno\/","schema":{"@context":"https:\/\/schema.org","@graph":[{"@type":"WebPage","@id":"https:\/\/www.costaricasurfandsup.com\/sitio\/es\/el-mundo-ya-no-es-tan-grande-y-eso-es-algo-bueno\/","url":"https:\/\/www.costaricasurfandsup.com\/sitio\/es\/el-mundo-ya-no-es-tan-grande-y-eso-es-algo-bueno\/","name":"El mundo ya no es tan grande y eso es algo bueno - Costa Rica Surf and Up","isPartOf":{"@id":"https:\/\/www.costaricasurfandsup.com\/sitio\/#website"},"primaryImageOfPage":{"@id":"https:\/\/www.costaricasurfandsup.com\/sitio\/es\/el-mundo-ya-no-es-tan-grande-y-eso-es-algo-bueno\/#primaryimage"},"image":{"@id":"https:\/\/www.costaricasurfandsup.com\/sitio\/es\/el-mundo-ya-no-es-tan-grande-y-eso-es-algo-bueno\/#primaryimage"},"thumbnailUrl":"https:\/\/www.costaricasurfandsup.com\/sitio\/wp-content\/uploads\/2020\/04\/familyfrench-1.jpg","datePublished":"2021-08-09T23:00:29+00:00","dateModified":"2021-11-03T04:15:18+00:00","author":{"@id":"https:\/\/www.costaricasurfandsup.com\/sitio\/#\/schema\/person\/91e3022f7ec175cf64e28f9c76a09a32"},"breadcrumb":{"@id":"https:\/\/www.costaricasurfandsup.com\/sitio\/es\/el-mundo-ya-no-es-tan-grande-y-eso-es-algo-bueno\/#breadcrumb"},"inLanguage":"en-US","potentialAction":[{"@type":"ReadAction","target":["https:\/\/www.costaricasurfandsup.com\/sitio\/es\/el-mundo-ya-no-es-tan-grande-y-eso-es-algo-bueno\/"]}]},{"@type":"ImageObject","inLanguage":"en-US","@id":"https:\/\/www.costaricasurfandsup.com\/sitio\/es\/el-mundo-ya-no-es-tan-grande-y-eso-es-algo-bueno\/#primaryimage","url":"https:\/\/www.costaricasurfandsup.com\/sitio\/wp-content\/uploads\/2020\/04\/familyfrench-1.jpg","contentUrl":"https:\/\/www.costaricasurfandsup.com\/sitio\/wp-content\/uploads\/2020\/04\/familyfrench-1.jpg","width":900,"height":554,"caption":"Thanks to Francois, Catherine, Louise, Alexandre, and Adelle, I'll see you next year, can not wait!!"},{"@type":"BreadcrumbList","@id":"https:\/\/www.costaricasurfandsup.com\/sitio\/es\/el-mundo-ya-no-es-tan-grande-y-eso-es-algo-bueno\/#breadcrumb","itemListElement":[{"@type":"ListItem","position":1,"name":"Home","item":"https:\/\/www.costaricasurfandsup.com\/sitio\/en\/surf-lessons\/"},{"@type":"ListItem","position":2,"name":"El mundo ya no es tan grande y eso es algo bueno"}]},{"@type":"WebSite","@id":"https:\/\/www.costaricasurfandsup.com\/sitio\/#website","url":"https:\/\/www.costaricasurfandsup.com\/sitio\/","name":"Costa Rica Surf and Up","description":"Surf and Sup in Santa Teresa in Costa Rica","potentialAction":[{"@type":"SearchAction","target":{"@type":"EntryPoint","urlTemplate":"https:\/\/www.costaricasurfandsup.com\/sitio\/?s={search_term_string}"},"query-input":{"@type":"PropertyValueSpecification","valueRequired":true,"valueName":"search_term_string"}}],"inLanguage":"en-US"},{"@type":"Person","@id":"https:\/\/www.costaricasurfandsup.com\/sitio\/#\/schema\/person\/91e3022f7ec175cf64e28f9c76a09a32","name":"manager","image":{"@type":"ImageObject","inLanguage":"en-US","@id":"https:\/\/www.costaricasurfandsup.com\/sitio\/#\/schema\/person\/image\/","url":"https:\/\/secure.gravatar.com\/avatar\/71715879eec448e11b319bd0dc0df0ad?s=96&d=mm&r=g","contentUrl":"https:\/\/secure.gravatar.com\/avatar\/71715879eec448e11b319bd0dc0df0ad?s=96&d=mm&r=g","caption":"manager"},"url":"https:\/\/www.costaricasurfandsup.com\/sitio\/author\/manager\/"}]}},"_links":{"self":[{"href":"https:\/\/www.costaricasurfandsup.com\/sitio\/wp-json\/wp\/v2\/posts\/839"}],"collection":[{"href":"https:\/\/www.costaricasurfandsup.com\/sitio\/wp-json\/wp\/v2\/posts"}],"about":[{"href":"https:\/\/www.costaricasurfandsup.com\/sitio\/wp-json\/wp\/v2\/types\/post"}],"author":[{"embeddable":true,"href":"https:\/\/www.costaricasurfandsup.com\/sitio\/wp-json\/wp\/v2\/users\/1"}],"replies":[{"embeddable":true,"href":"https:\/\/www.costaricasurfandsup.com\/sitio\/wp-json\/wp\/v2\/comments?post=839"}],"version-history":[{"count":6,"href":"https:\/\/www.costaricasurfandsup.com\/sitio\/wp-json\/wp\/v2\/posts\/839\/revisions"}],"predecessor-version":[{"id":841,"href":"https:\/\/www.costaricasurfandsup.com\/sitio\/wp-json\/wp\/v2\/posts\/839\/revisions\/841"}],"wp:featuredmedia":[{"embeddable":true,"href":"https:\/\/www.costaricasurfandsup.com\/sitio\/wp-json\/wp\/v2\/media\/589"}],"wp:attachment":[{"href":"https:\/\/www.costaricasurfandsup.com\/sitio\/wp-json\/wp\/v2\/media?parent=839"}],"wp:term":[{"taxonomy":"category","embeddable":true,"href":"https:\/\/www.costaricasurfandsup.com\/sitio\/wp-json\/wp\/v2\/categories?post=839"},{"taxonomy":"post_tag","embeddable":true,"href":"https:\/\/www.costaricasurfandsup.com\/sitio\/wp-json\/wp\/v2\/tags?post=839"}],"curies":[{"name":"wp","href":"https:\/\/api.w.org\/{rel}","templated":true}]}}